{"id":217,"date":"2022-01-22T21:32:15","date_gmt":"2022-01-22T21:32:15","guid":{"rendered":"https:\/\/volontari.visualdesigner.it\/?p=217"},"modified":"2022-01-22T21:32:15","modified_gmt":"2022-01-22T21:32:15","slug":"a-chatillon-il-17-meeting-anpas","status":"publish","type":"post","link":"https:\/\/volontari.visualdesigner.it\/?p=217","title":{"rendered":"A Ch\u00e2tillon il 17\u00b0 Meeting ANPAS"},"content":{"rendered":"\n<p>In Valle d&#8217;Aosta dal 29 maggio al 2 giugno volontari e volontarie provenienti da tutta Italia<strong><\/strong><\/p>\n\n\n\n<p>Da mercoled\u00ec 29 maggio a domenica 2 giugno si svolger\u00e0 a Ch\u00e2tillon in Valle d\u2019Aosta il <strong>17\u00b0 MEETING NAZIONALE DELLA SOLIDARIET\u00c0<\/strong> promosso da <strong>ANPAS nazionale <\/strong>con la<strong> Federazione dei Volontari del Soccorso della Valle d\u2019Aosta.<\/strong><\/p>\n\n\n\n<p>Gli oltre 110 anni di storia di Anpas trovano nel Meeting un\u2019occasione di incontro, dialogo e scambio di esperienze per volontari e volontarie che arriveranno da tutta Italia.<\/p>\n\n\n\n<p>Il Meeting della Valle d\u2019Aosta vuole regalare a ciascuno di loro un\u2019emozione, oltre alla gioia di sentirsi parte attiva della rete Anpas della quale oggi fanno parte&nbsp;103.266 volontari e oltre 340.000 soci sostenitori. Dopo le edizioni in Versilia nel 2015 e a Castelnuovo di Porto (RM) nel 2017, il Meeting sbarca in una regione che negli ultimi anni ha visto una crescita importante di Anpas, che porter\u00e0 a breve alla trasformazione della Federazione dei Volontari del Soccorso in Comitato regionale Valle d\u2019Aosta.<\/p>\n\n\n\n<p>Tutto il programma e le informazioni in questo link <a href=\"http:\/\/www.anpas.org\/categoria-news-generale\/3274-meetanpas2019.html\" target=\"_blank\" rel=\"noreferrer noopener\">ANPAS<\/a><\/p>\n","protected":false},"excerpt":{"rendered":"<p>In Valle d&#8217;Aosta dal 29 maggio al 2 giugno volontari e volontarie provenienti da tutta Italia Da mercoled\u00ec 29 maggio a domenica 2 giugno si svolger\u00e0 a Ch\u00e2tillon in Valle d\u2019Aosta il 17\u00b0 MEETING NAZIONALE DELLA SOLIDARIET\u00c0 promosso da ANPAS nazionale con la Federazione dei Volontari del Soccorso della Valle d\u2019Aosta. Gli oltre 110 anni [&hellip;]<\/p>\n","protected":false},"author":1,"featured_media":218,"comment_status":"open","ping_status":"closed","sticky":false,"template":"","format":"standard","meta":{"_et_pb_use_builder":"off","_et_pb_old_content":"","_et_gb_content_width":"","footnotes":""},"categories":[1],"tags":[],"class_list":["post-217","post","type-post","status-publish","format-standard","has-post-thumbnail","hentry","category-uncategorized"],"yoast_head":"<!-- This site is optimized with the Yoast SEO plugin v27.4 - https:\/\/yoast.com\/product\/yoast-seo-wordpress\/ -->\n<title>A Ch\u00e2tillon il 17\u00b0 Meeting ANPAS - Volontari del Soccorso<\/title>\n<meta name=\"robots\" content=\"index, follow, max-snippet:-1, max-image-preview:large, max-video-preview:-1\" \/>\n<link rel=\"canonical\" href=\"https:\/\/volontari.visualdesigner.it\/?p=217\" \/>\n<meta property=\"og:locale\" content=\"it_IT\" \/>\n<meta property=\"og:type\" content=\"article\" \/>\n<meta property=\"og:title\" content=\"A Ch\u00e2tillon il 17\u00b0 Meeting ANPAS - Volontari del Soccorso\" \/>\n<meta property=\"og:description\" content=\"In Valle d&#8217;Aosta dal 29 maggio al 2 giugno volontari e volontarie provenienti da tutta Italia Da mercoled\u00ec 29 maggio a domenica 2 giugno si svolger\u00e0 a Ch\u00e2tillon in Valle d\u2019Aosta il 17\u00b0 MEETING NAZIONALE DELLA SOLIDARIET\u00c0 promosso da ANPAS nazionale con la Federazione dei Volontari del Soccorso della Valle d\u2019Aosta. Gli oltre 110 anni [&hellip;]\" \/>\n<meta property=\"og:url\" content=\"https:\/\/volontari.visualdesigner.it\/?p=217\" \/>\n<meta property=\"og:site_name\" content=\"Volontari del Soccorso\" \/>\n<meta property=\"article:published_time\" content=\"2022-01-22T21:32:15+00:00\" \/>\n<meta property=\"og:image\" content=\"https:\/\/volontari.visualdesigner.it\/wp-content\/uploads\/2022\/01\/Img-meeting-Anpas-2019.jpg\" \/>\n\t<meta property=\"og:image:width\" content=\"800\" \/>\n\t<meta property=\"og:image:height\" content=\"600\" \/>\n\t<meta property=\"og:image:type\" content=\"image\/jpeg\" \/>\n<meta name=\"author\" content=\"admin\" \/>\n<meta name=\"twitter:card\" content=\"summary_large_image\" \/>\n<meta name=\"twitter:label1\" content=\"Scritto da\" \/>\n\t<meta name=\"twitter:data1\" content=\"admin\" \/>\n\t<meta name=\"twitter:label2\" content=\"Tempo di lettura stimato\" \/>\n\t<meta name=\"twitter:data2\" content=\"1 minuto\" \/>\n<script type=\"application\/ld+json\" class=\"yoast-schema-graph\">{\"@context\":\"https:\\\/\\\/schema.org\",\"@graph\":[{\"@type\":\"Article\",\"@id\":\"https:\\\/\\\/volontari.visualdesigner.it\\\/?p=217#article\",\"isPartOf\":{\"@id\":\"https:\\\/\\\/volontari.visualdesigner.it\\\/?p=217\"},\"author\":{\"name\":\"admin\",\"@id\":\"https:\\\/\\\/volontari.visualdesigner.it\\\/#\\\/schema\\\/person\\\/b34ab3d0e59798249af5875e62668d5a\"},\"headline\":\"A Ch\u00e2tillon il 17\u00b0 Meeting ANPAS\",\"datePublished\":\"2022-01-22T21:32:15+00:00\",\"mainEntityOfPage\":{\"@id\":\"https:\\\/\\\/volontari.visualdesigner.it\\\/?p=217\"},\"wordCount\":177,\"commentCount\":0,\"image\":{\"@id\":\"https:\\\/\\\/volontari.visualdesigner.it\\\/?p=217#primaryimage\"},\"thumbnailUrl\":\"https:\\\/\\\/volontari.visualdesigner.it\\\/wp-content\\\/uploads\\\/2022\\\/01\\\/Img-meeting-Anpas-2019.jpg\",\"articleSection\":[\"Uncategorized\"],\"inLanguage\":\"it-IT\",\"potentialAction\":[{\"@type\":\"CommentAction\",\"name\":\"Comment\",\"target\":[\"https:\\\/\\\/volontari.visualdesigner.it\\\/?p=217#respond\"]}]},{\"@type\":\"WebPage\",\"@id\":\"https:\\\/\\\/volontari.visualdesigner.it\\\/?p=217\",\"url\":\"https:\\\/\\\/volontari.visualdesigner.it\\\/?p=217\",\"name\":\"A Ch\u00e2tillon il 17\u00b0 Meeting ANPAS - Volontari del Soccorso\",\"isPartOf\":{\"@id\":\"https:\\\/\\\/volontari.visualdesigner.it\\\/#website\"},\"primaryImageOfPage\":{\"@id\":\"https:\\\/\\\/volontari.visualdesigner.it\\\/?p=217#primaryimage\"},\"image\":{\"@id\":\"https:\\\/\\\/volontari.visualdesigner.it\\\/?p=217#primaryimage\"},\"thumbnailUrl\":\"https:\\\/\\\/volontari.visualdesigner.it\\\/wp-content\\\/uploads\\\/2022\\\/01\\\/Img-meeting-Anpas-2019.jpg\",\"datePublished\":\"2022-01-22T21:32:15+00:00\",\"author\":{\"@id\":\"https:\\\/\\\/volontari.visualdesigner.it\\\/#\\\/schema\\\/person\\\/b34ab3d0e59798249af5875e62668d5a\"},\"breadcrumb\":{\"@id\":\"https:\\\/\\\/volontari.visualdesigner.it\\\/?p=217#breadcrumb\"},\"inLanguage\":\"it-IT\",\"potentialAction\":[{\"@type\":\"ReadAction\",\"target\":[\"https:\\\/\\\/volontari.visualdesigner.it\\\/?p=217\"]}]},{\"@type\":\"ImageObject\",\"inLanguage\":\"it-IT\",\"@id\":\"https:\\\/\\\/volontari.visualdesigner.it\\\/?p=217#primaryimage\",\"url\":\"https:\\\/\\\/volontari.visualdesigner.it\\\/wp-content\\\/uploads\\\/2022\\\/01\\\/Img-meeting-Anpas-2019.jpg\",\"contentUrl\":\"https:\\\/\\\/volontari.visualdesigner.it\\\/wp-content\\\/uploads\\\/2022\\\/01\\\/Img-meeting-Anpas-2019.jpg\",\"width\":800,\"height\":600},{\"@type\":\"BreadcrumbList\",\"@id\":\"https:\\\/\\\/volontari.visualdesigner.it\\\/?p=217#breadcrumb\",\"itemListElement\":[{\"@type\":\"ListItem\",\"position\":1,\"name\":\"Home\",\"item\":\"https:\\\/\\\/volontari.visualdesigner.it\\\/\"},{\"@type\":\"ListItem\",\"position\":2,\"name\":\"A Ch\u00e2tillon il 17\u00b0 Meeting ANPAS\"}]},{\"@type\":\"WebSite\",\"@id\":\"https:\\\/\\\/volontari.visualdesigner.it\\\/#website\",\"url\":\"https:\\\/\\\/volontari.visualdesigner.it\\\/\",\"name\":\"Volontari del Soccorso\",\"description\":\"Ieri e oggi, la corenza di un impegno\",\"potentialAction\":[{\"@type\":\"SearchAction\",\"target\":{\"@type\":\"EntryPoint\",\"urlTemplate\":\"https:\\\/\\\/volontari.visualdesigner.it\\\/?s={search_term_string}\"},\"query-input\":{\"@type\":\"PropertyValueSpecification\",\"valueRequired\":true,\"valueName\":\"search_term_string\"}}],\"inLanguage\":\"it-IT\"},{\"@type\":\"Person\",\"@id\":\"https:\\\/\\\/volontari.visualdesigner.it\\\/#\\\/schema\\\/person\\\/b34ab3d0e59798249af5875e62668d5a\",\"name\":\"admin\",\"image\":{\"@type\":\"ImageObject\",\"inLanguage\":\"it-IT\",\"@id\":\"https:\\\/\\\/secure.gravatar.com\\\/avatar\\\/bb4d6fbe3763ae0fe51f412d927d0ca72dbbfc8258fda4d8c5e012aaae66d4cb?s=96&d=mm&r=g\",\"url\":\"https:\\\/\\\/secure.gravatar.com\\\/avatar\\\/bb4d6fbe3763ae0fe51f412d927d0ca72dbbfc8258fda4d8c5e012aaae66d4cb?s=96&d=mm&r=g\",\"contentUrl\":\"https:\\\/\\\/secure.gravatar.com\\\/avatar\\\/bb4d6fbe3763ae0fe51f412d927d0ca72dbbfc8258fda4d8c5e012aaae66d4cb?s=96&d=mm&r=g\",\"caption\":\"admin\"},\"sameAs\":[\"https:\\\/\\\/volontari.visualdesigner.it\"],\"url\":\"https:\\\/\\\/volontari.visualdesigner.it\\\/?author=1\"}]}<\/script>\n<!-- \/ Yoast SEO plugin. -->","yoast_head_json":{"title":"A Ch\u00e2tillon il 17\u00b0 Meeting ANPAS - Volontari del Soccorso","robots":{"index":"index","follow":"follow","max-snippet":"max-snippet:-1","max-image-preview":"max-image-preview:large","max-video-preview":"max-video-preview:-1"},"canonical":"https:\/\/volontari.visualdesigner.it\/?p=217","og_locale":"it_IT","og_type":"article","og_title":"A Ch\u00e2tillon il 17\u00b0 Meeting ANPAS - Volontari del Soccorso","og_description":"In Valle d&#8217;Aosta dal 29 maggio al 2 giugno volontari e volontarie provenienti da tutta Italia Da mercoled\u00ec 29 maggio a domenica 2 giugno si svolger\u00e0 a Ch\u00e2tillon in Valle d\u2019Aosta il 17\u00b0 MEETING NAZIONALE DELLA SOLIDARIET\u00c0 promosso da ANPAS nazionale con la Federazione dei Volontari del Soccorso della Valle d\u2019Aosta. Gli oltre 110 anni [&hellip;]","og_url":"https:\/\/volontari.visualdesigner.it\/?p=217","og_site_name":"Volontari del Soccorso","article_published_time":"2022-01-22T21:32:15+00:00","og_image":[{"width":800,"height":600,"url":"https:\/\/volontari.visualdesigner.it\/wp-content\/uploads\/2022\/01\/Img-meeting-Anpas-2019.jpg","type":"image\/jpeg"}],"author":"admin","twitter_card":"summary_large_image","twitter_misc":{"Scritto da":"admin","Tempo di lettura stimato":"1 minuto"},"schema":{"@context":"https:\/\/schema.org","@graph":[{"@type":"Article","@id":"https:\/\/volontari.visualdesigner.it\/?p=217#article","isPartOf":{"@id":"https:\/\/volontari.visualdesigner.it\/?p=217"},"author":{"name":"admin","@id":"https:\/\/volontari.visualdesigner.it\/#\/schema\/person\/b34ab3d0e59798249af5875e62668d5a"},"headline":"A Ch\u00e2tillon il 17\u00b0 Meeting ANPAS","datePublished":"2022-01-22T21:32:15+00:00","mainEntityOfPage":{"@id":"https:\/\/volontari.visualdesigner.it\/?p=217"},"wordCount":177,"commentCount":0,"image":{"@id":"https:\/\/volontari.visualdesigner.it\/?p=217#primaryimage"},"thumbnailUrl":"https:\/\/volontari.visualdesigner.it\/wp-content\/uploads\/2022\/01\/Img-meeting-Anpas-2019.jpg","articleSection":["Uncategorized"],"inLanguage":"it-IT","potentialAction":[{"@type":"CommentAction","name":"Comment","target":["https:\/\/volontari.visualdesigner.it\/?p=217#respond"]}]},{"@type":"WebPage","@id":"https:\/\/volontari.visualdesigner.it\/?p=217","url":"https:\/\/volontari.visualdesigner.it\/?p=217","name":"A Ch\u00e2tillon il 17\u00b0 Meeting ANPAS - Volontari del Soccorso","isPartOf":{"@id":"https:\/\/volontari.visualdesigner.it\/#website"},"primaryImageOfPage":{"@id":"https:\/\/volontari.visualdesigner.it\/?p=217#primaryimage"},"image":{"@id":"https:\/\/volontari.visualdesigner.it\/?p=217#primaryimage"},"thumbnailUrl":"https:\/\/volontari.visualdesigner.it\/wp-content\/uploads\/2022\/01\/Img-meeting-Anpas-2019.jpg","datePublished":"2022-01-22T21:32:15+00:00","author":{"@id":"https:\/\/volontari.visualdesigner.it\/#\/schema\/person\/b34ab3d0e59798249af5875e62668d5a"},"breadcrumb":{"@id":"https:\/\/volontari.visualdesigner.it\/?p=217#breadcrumb"},"inLanguage":"it-IT","potentialAction":[{"@type":"ReadAction","target":["https:\/\/volontari.visualdesigner.it\/?p=217"]}]},{"@type":"ImageObject","inLanguage":"it-IT","@id":"https:\/\/volontari.visualdesigner.it\/?p=217#primaryimage","url":"https:\/\/volontari.visualdesigner.it\/wp-content\/uploads\/2022\/01\/Img-meeting-Anpas-2019.jpg","contentUrl":"https:\/\/volontari.visualdesigner.it\/wp-content\/uploads\/2022\/01\/Img-meeting-Anpas-2019.jpg","width":800,"height":600},{"@type":"BreadcrumbList","@id":"https:\/\/volontari.visualdesigner.it\/?p=217#breadcrumb","itemListElement":[{"@type":"ListItem","position":1,"name":"Home","item":"https:\/\/volontari.visualdesigner.it\/"},{"@type":"ListItem","position":2,"name":"A Ch\u00e2tillon il 17\u00b0 Meeting ANPAS"}]},{"@type":"WebSite","@id":"https:\/\/volontari.visualdesigner.it\/#website","url":"https:\/\/volontari.visualdesigner.it\/","name":"Volontari del Soccorso","description":"Ieri e oggi, la corenza di un impegno","potentialAction":[{"@type":"SearchAction","target":{"@type":"EntryPoint","urlTemplate":"https:\/\/volontari.visualdesigner.it\/?s={search_term_string}"},"query-input":{"@type":"PropertyValueSpecification","valueRequired":true,"valueName":"search_term_string"}}],"inLanguage":"it-IT"},{"@type":"Person","@id":"https:\/\/volontari.visualdesigner.it\/#\/schema\/person\/b34ab3d0e59798249af5875e62668d5a","name":"admin","image":{"@type":"ImageObject","inLanguage":"it-IT","@id":"https:\/\/secure.gravatar.com\/avatar\/bb4d6fbe3763ae0fe51f412d927d0ca72dbbfc8258fda4d8c5e012aaae66d4cb?s=96&d=mm&r=g","url":"https:\/\/secure.gravatar.com\/avatar\/bb4d6fbe3763ae0fe51f412d927d0ca72dbbfc8258fda4d8c5e012aaae66d4cb?s=96&d=mm&r=g","contentUrl":"https:\/\/secure.gravatar.com\/avatar\/bb4d6fbe3763ae0fe51f412d927d0ca72dbbfc8258fda4d8c5e012aaae66d4cb?s=96&d=mm&r=g","caption":"admin"},"sameAs":["https:\/\/volontari.visualdesigner.it"],"url":"https:\/\/volontari.visualdesigner.it\/?author=1"}]}},"_links":{"self":[{"href":"https:\/\/volontari.visualdesigner.it\/index.php?rest_route=\/wp\/v2\/posts\/217","targetHints":{"allow":["GET"]}}],"collection":[{"href":"https:\/\/volontari.visualdesigner.it\/index.php?rest_route=\/wp\/v2\/posts"}],"about":[{"href":"https:\/\/volontari.visualdesigner.it\/index.php?rest_route=\/wp\/v2\/types\/post"}],"author":[{"embeddable":true,"href":"https:\/\/volontari.visualdesigner.it\/index.php?rest_route=\/wp\/v2\/users\/1"}],"replies":[{"embeddable":true,"href":"https:\/\/volontari.visualdesigner.it\/index.php?rest_route=%2Fwp%2Fv2%2Fcomments&post=217"}],"version-history":[{"count":1,"href":"https:\/\/volontari.visualdesigner.it\/index.php?rest_route=\/wp\/v2\/posts\/217\/revisions"}],"predecessor-version":[{"id":219,"href":"https:\/\/volontari.visualdesigner.it\/index.php?rest_route=\/wp\/v2\/posts\/217\/revisions\/219"}],"wp:featuredmedia":[{"embeddable":true,"href":"https:\/\/volontari.visualdesigner.it\/index.php?rest_route=\/wp\/v2\/media\/218"}],"wp:attachment":[{"href":"https:\/\/volontari.visualdesigner.it\/index.php?rest_route=%2Fwp%2Fv2%2Fmedia&parent=217"}],"wp:term":[{"taxonomy":"category","embeddable":true,"href":"https:\/\/volontari.visualdesigner.it\/index.php?rest_route=%2Fwp%2Fv2%2Fcategories&post=217"},{"taxonomy":"post_tag","embeddable":true,"href":"https:\/\/volontari.visualdesigner.it\/index.php?rest_route=%2Fwp%2Fv2%2Ftags&post=217"}],"curies":[{"name":"wp","href":"https:\/\/api.w.org\/{rel}","templated":true}]}}